{"id":3078,"date":"2014-01-13T11:42:40","date_gmt":"2014-01-13T11:42:40","guid":{"rendered":"http:\/\/limbostarr.com\/site\/?p=3078"},"modified":"2018-03-15T10:13:36","modified_gmt":"2018-03-15T10:13:36","slug":"tachenko-vuelven-a-la-carga","status":"publish","type":"post","link":"https:\/\/limbostarr.com\/web\/tachenko-vuelven-a-la-carga\/","title":{"rendered":"Tachenko vuelven a la carga"},"content":{"rendered":"<p>Tachenko comienzan su a\u00f1o de conciertos en su querida Galicia. El <strong>jueves 13<\/strong> en <strong>La Casa de Arriba<\/strong> (Vigo), el <strong>s\u00e1bado 15<\/strong> en Ourense en el <strong>Caf\u00e9&amp;Pop Torgal<\/strong> (anticipada a la venta en <a href=\"\">ticketea<\/a> o en el mismo Torgal); y el <strong>domingo 16<\/strong> en <strong>Bueu<\/strong> (Aturuxo). Con estos tres, terminan la tanda de conciertos electroac\u00fasticos. Los siguientes ya ser\u00e1n con la banda al completo:<\/p>\n<p><span style=\"text-decoration: underline;\">Jueves 20 de febrero<\/span> en <strong>Donosti<\/strong>, <em>Bukowski<\/em> (<a href=\"\">entradas<\/a>); <span style=\"text-decoration: underline;\">Viernes 21 de febrero<\/span> en <strong>Pamplona<\/strong>, <em>Subsuelo<\/em> (entrada libre); <span style=\"text-decoration: underline;\">S\u00e1bado 22 de febrero<\/span> en <strong>Bilbao<\/strong>, <em>Azkena<\/em> (<a href=\"\">entradas<\/a>); <span style=\"text-decoration: underline;\">Jueves 27 de febrero<\/span> en <strong>Le\u00f3n<\/strong>, <em>El gran caf\u00e9<\/em> (<a href=\"\">entradas<\/a>); <span style=\"text-decoration: underline;\">Viernes 28 de febrero<\/span> en <strong>Salamanca<\/strong>, <em>Irish Rover<\/em> (<a href=\"\">entradas<\/a>); <span style=\"text-decoration: underline;\">S\u00e1bado 1 de marzo<\/span> en <strong>Valladolid<\/strong>, <em>Porta Caeli<\/em> (<a href=\"\">entradas<\/a>); <span style=\"text-decoration: underline;\">Viernes 7 de marzo<\/span> en <strong>Castell\u00f3n <\/strong>en la<em> Sala S\u00f3nico<\/em>, <span style=\"text-decoration: underline;\">S\u00e1bado 8 de marzo<\/span> en <strong>Murcia<\/strong>, <em>12&amp;medio <\/em>(<a href=\"\">entradas<\/a>)<em>, <\/em><span style=\"text-decoration: underline;\">Viernes 28 de Marzo<\/span> en <strong>Coru\u00f1a<\/strong>, <em>Mardi Gras<\/em> (<a href=\"\">entradas<\/a>); <span style=\"text-decoration: underline;\">S\u00e1bado 29 de Marzo<\/span> en <strong>Ferrol,<\/strong> <em>Super 8<\/em> (<a href=\"\">entradas<\/a>)<\/p>\n<p><a href=\"\"><img loading=\"lazy\" decoding=\"async\" class=\"alignnone size-large wp-image-3079\" alt=\"Tachenko-collage\" src=\"\" width=\"842\" height=\"1024\" \/><\/a><\/p>\n<div><span style=\"font-size: medium;\">[Zona de Obras] La fuerza sexy de Tachenko<\/span><\/div>\n<div>\n<div id=\"texto_corto\">\n<p>Tachenko cierra 2013 con un LP en primavera y un EP al final del oto\u00f1o, que acarrear\u00e1 gira nacional en el arranque del nuevo a\u00f1o. Una vez m\u00e1s, melod\u00edas perfectas, letras acuciosas y pop de altos vuelos con un amargo dulzor en el \u2018aftertaste\u2019.<\/p>\n<\/div>\n<\/div>\n<div id=\"texto\">\n<p>Tachenko se mete en un berenjenal interesante, y no es la primera vez: un EP poco despu\u00e9s de un \u00e1lbum de larga duraci\u00f3n. Son cinco canciones: tres de las sesiones de <em><a href=\"\" target=\"_blank\">El amor y las mayor\u00edas<\/a>, <\/em>que sali\u00f3 la pasada primavera, una revisitaci\u00f3n de <em>S\u00ed, claro<\/em> y una brillante versi\u00f3n (brillante y diamantina) de <em>He\u2019d Be A Diamond,<\/em> de sus admirados <a href=\"\" target=\"_blank\">Teenage Fanclub<\/a>. En este paquete de temas se refuerza la paradoja caracter\u00edstica del grupo a la hora de mezclar letras demoledoras con melod\u00edas alegres: la escucha serena revela aguijonazos propinados con peque\u00f1os rayos de luz. Con <em>La fuerza sexy, <\/em>lidia adem\u00e1s con nuevos tiempos y compinches: con Libi Garc\u00eda, de <a href=\"\" target=\"_blank\">Picore<\/a>, y Rafa Dom\u00ednguez, de <a href=\"\" target=\"_blank\">Guisante<\/a>, m\u00e1s unidos que nunca a una banda con la que siempre hubo conexi\u00f3n personal. Vinad\u00e9, Sebas y El Negro Luna (Edu Baos maneja su tiempo con las nuevas exigencias de <a href=\"\" target=\"_blank\">Le\u00f3n Benavente<\/a>) contin\u00faan jugando con maestr\u00eda al juego del directo, en el que probablemente sea el momento m\u00e1s redondo de su carrera esc\u00e9nica. Y est\u00e1n los <em>hits,<\/em> claro; esas canciones que Tachenko ya ha baqueteado durante a\u00f1os, y que siguen oliendo a tapicer\u00eda nueva.<\/p>\n<p>&nbsp;<\/p>\n<\/div>\n","protected":false},"excerpt":{"rendered":"<p>Tachenko comienzan su a\u00f1o de conciertos en su querida Galicia. El jueves 13 en La Casa de Arriba (Vigo), el s\u00e1bado 15 en Ourense en el Caf\u00e9&amp;Pop Torgal (anticipada a la venta en ticketea o en el mismo Torgal); y el domingo 16 en Bueu (Aturuxo). Con estos tres, terminan la tanda de conciertos electroac\u00fasticos&#8230;.<\/p>\n<p><a rel=\"bookmark\" class=\"loud_button_alt wvc-button wvc-button-size-xs\" href=\"https:\/\/limbostarr.com\/web\/tachenko-vuelven-a-la-carga\/\"><span>Seguir leyendo<\/span><\/a><\/p>\n","protected":false},"author":2,"featured_media":3079,"comment_status":"open","ping_status":"open","sticky":false,"template":"","format":"standard","meta":{"_jetpack_memberships_contains_paid_content":false,"footnotes":""},"categories":[20],"tags":[26],"class_list":["post-3078","post","type-post","status-publish","format-standard","has-post-thumbnail","hentry","category-tachenko","tag-tachenko","entry","clearfix","entry-post-module-layout-standard","thumbnail-color-tone-dark","no-post-thumbnail","entry-post","entry-standard","entry-post-standard"],"yoast_head":"<!-- This site is optimized with the Yoast SEO plugin v27.4 - https:\/\/yoast.com\/product\/yoast-seo-wordpress\/ -->\n<title>Tachenko vuelven a la carga - Limbo Starr<\/title>\n<meta name=\"robots\" content=\"index, follow, max-snippet:-1, max-image-preview:large, max-video-preview:-1\" \/>\n<link rel=\"canonical\" href=\"https:\/\/limbostarr.com\/web\/tachenko-vuelven-a-la-carga\/\" \/>\n<meta property=\"og:locale\" content=\"es_ES\" \/>\n<meta property=\"og:type\" content=\"article\" \/>\n<meta property=\"og:title\" content=\"Tachenko vuelven a la carga - Limbo Starr\" \/>\n<meta property=\"og:description\" content=\"Tachenko comienzan su a\u00f1o de conciertos en su querida Galicia. El jueves 13 en La Casa de Arriba (Vigo), el s\u00e1bado 15 en Ourense en el Caf\u00e9&amp;Pop Torgal (anticipada a la venta en ticketea o en el mismo Torgal); y el domingo 16 en Bueu (Aturuxo). Con estos tres, terminan la tanda de conciertos electroac\u00fasticos....Seguir leyendo\" \/>\n<meta property=\"og:url\" content=\"https:\/\/limbostarr.com\/web\/tachenko-vuelven-a-la-carga\/\" \/>\n<meta property=\"og:site_name\" content=\"Limbo Starr\" \/>\n<meta property=\"article:publisher\" content=\"https:\/\/www.facebook.com\/limbostarrmad\" \/>\n<meta property=\"article:published_time\" content=\"2014-01-13T11:42:40+00:00\" \/>\n<meta property=\"article:modified_time\" content=\"2018-03-15T10:13:36+00:00\" \/>\n<meta name=\"author\" content=\"carmen\" \/>\n<meta name=\"twitter:card\" content=\"summary_large_image\" \/>\n<meta name=\"twitter:creator\" content=\"@limbostarrmad\" \/>\n<meta name=\"twitter:site\" content=\"@limbostarrmad\" \/>\n<meta name=\"twitter:label1\" content=\"Escrito por\" \/>\n\t<meta name=\"twitter:data1\" content=\"carmen\" \/>\n\t<meta name=\"twitter:label2\" content=\"Tiempo de lectura\" \/>\n\t<meta name=\"twitter:data2\" content=\"2 minutos\" \/>\n<script type=\"application\/ld+json\" class=\"yoast-schema-graph\">{\"@context\":\"https:\\\/\\\/schema.org\",\"@graph\":[{\"@type\":\"Article\",\"@id\":\"https:\\\/\\\/limbostarr.com\\\/web\\\/tachenko-vuelven-a-la-carga\\\/#article\",\"isPartOf\":{\"@id\":\"https:\\\/\\\/limbostarr.com\\\/web\\\/tachenko-vuelven-a-la-carga\\\/\"},\"author\":{\"name\":\"carmen\",\"@id\":\"https:\\\/\\\/limbostarr.com\\\/web\\\/#\\\/schema\\\/person\\\/7ec2d6ac527ab3e147e94510d9ec1066\"},\"headline\":\"Tachenko vuelven a la carga\",\"datePublished\":\"2014-01-13T11:42:40+00:00\",\"dateModified\":\"2018-03-15T10:13:36+00:00\",\"mainEntityOfPage\":{\"@id\":\"https:\\\/\\\/limbostarr.com\\\/web\\\/tachenko-vuelven-a-la-carga\\\/\"},\"wordCount\":428,\"commentCount\":0,\"publisher\":{\"@id\":\"https:\\\/\\\/limbostarr.com\\\/web\\\/#organization\"},\"image\":{\"@id\":\"https:\\\/\\\/limbostarr.com\\\/web\\\/tachenko-vuelven-a-la-carga\\\/#primaryimage\"},\"thumbnailUrl\":\"\",\"keywords\":[\"Tachenko\"],\"articleSection\":[\"Tachenko\"],\"inLanguage\":\"es\"},{\"@type\":\"WebPage\",\"@id\":\"https:\\\/\\\/limbostarr.com\\\/web\\\/tachenko-vuelven-a-la-carga\\\/\",\"url\":\"https:\\\/\\\/limbostarr.com\\\/web\\\/tachenko-vuelven-a-la-carga\\\/\",\"name\":\"Tachenko vuelven a la carga - Limbo Starr\",\"isPartOf\":{\"@id\":\"https:\\\/\\\/limbostarr.com\\\/web\\\/#website\"},\"primaryImageOfPage\":{\"@id\":\"https:\\\/\\\/limbostarr.com\\\/web\\\/tachenko-vuelven-a-la-carga\\\/#primaryimage\"},\"image\":{\"@id\":\"https:\\\/\\\/limbostarr.com\\\/web\\\/tachenko-vuelven-a-la-carga\\\/#primaryimage\"},\"thumbnailUrl\":\"\",\"datePublished\":\"2014-01-13T11:42:40+00:00\",\"dateModified\":\"2018-03-15T10:13:36+00:00\",\"breadcrumb\":{\"@id\":\"https:\\\/\\\/limbostarr.com\\\/web\\\/tachenko-vuelven-a-la-carga\\\/#breadcrumb\"},\"inLanguage\":\"es\",\"potentialAction\":[{\"@type\":\"ReadAction\",\"target\":[\"https:\\\/\\\/limbostarr.com\\\/web\\\/tachenko-vuelven-a-la-carga\\\/\"]}]},{\"@type\":\"ImageObject\",\"inLanguage\":\"es\",\"@id\":\"https:\\\/\\\/limbostarr.com\\\/web\\\/tachenko-vuelven-a-la-carga\\\/#primaryimage\",\"url\":\"\",\"contentUrl\":\"\"},{\"@type\":\"BreadcrumbList\",\"@id\":\"https:\\\/\\\/limbostarr.com\\\/web\\\/tachenko-vuelven-a-la-carga\\\/#breadcrumb\",\"itemListElement\":[{\"@type\":\"ListItem\",\"position\":1,\"name\":\"Portada\",\"item\":\"https:\\\/\\\/limbostarr.com\\\/web\\\/\"},{\"@type\":\"ListItem\",\"position\":2,\"name\":\"Tachenko vuelven a la carga\"}]},{\"@type\":\"WebSite\",\"@id\":\"https:\\\/\\\/limbostarr.com\\\/web\\\/#website\",\"url\":\"https:\\\/\\\/limbostarr.com\\\/web\\\/\",\"name\":\"Limbo Starr\",\"description\":\"Sello discografico independiente\",\"publisher\":{\"@id\":\"https:\\\/\\\/limbostarr.com\\\/web\\\/#organization\"},\"potentialAction\":[{\"@type\":\"SearchAction\",\"target\":{\"@type\":\"EntryPoint\",\"urlTemplate\":\"https:\\\/\\\/limbostarr.com\\\/web\\\/?s={search_term_string}\"},\"query-input\":{\"@type\":\"PropertyValueSpecification\",\"valueRequired\":true,\"valueName\":\"search_term_string\"}}],\"inLanguage\":\"es\"},{\"@type\":\"Organization\",\"@id\":\"https:\\\/\\\/limbostarr.com\\\/web\\\/#organization\",\"name\":\"Limbo Starr\",\"url\":\"https:\\\/\\\/limbostarr.com\\\/web\\\/\",\"logo\":{\"@type\":\"ImageObject\",\"inLanguage\":\"es\",\"@id\":\"https:\\\/\\\/limbostarr.com\\\/web\\\/#\\\/schema\\\/logo\\\/image\\\/\",\"url\":\"https:\\\/\\\/limbostarr.com\\\/web\\\/wp-content\\\/uploads\\\/2016\\\/12\\\/logo-limbo-spotify.gif\",\"contentUrl\":\"https:\\\/\\\/limbostarr.com\\\/web\\\/wp-content\\\/uploads\\\/2016\\\/12\\\/logo-limbo-spotify.gif\",\"width\":500,\"height\":500,\"caption\":\"Limbo Starr\"},\"image\":{\"@id\":\"https:\\\/\\\/limbostarr.com\\\/web\\\/#\\\/schema\\\/logo\\\/image\\\/\"},\"sameAs\":[\"https:\\\/\\\/www.facebook.com\\\/limbostarrmad\",\"https:\\\/\\\/x.com\\\/limbostarrmad\",\"https:\\\/\\\/www.instagram.com\\\/limbostarr\\\/\",\"https:\\\/\\\/www.youtube.com\\\/user\\\/limbostarr\"]},{\"@type\":\"Person\",\"@id\":\"https:\\\/\\\/limbostarr.com\\\/web\\\/#\\\/schema\\\/person\\\/7ec2d6ac527ab3e147e94510d9ec1066\",\"name\":\"carmen\",\"image\":{\"@type\":\"ImageObject\",\"inLanguage\":\"es\",\"@id\":\"https:\\\/\\\/secure.gravatar.com\\\/avatar\\\/306b5c4bf23ab9934233886540ffb85197b45876a94d8ab8ead5c9211715ec02?s=96&d=mm&r=g\",\"url\":\"https:\\\/\\\/secure.gravatar.com\\\/avatar\\\/306b5c4bf23ab9934233886540ffb85197b45876a94d8ab8ead5c9211715ec02?s=96&d=mm&r=g\",\"contentUrl\":\"https:\\\/\\\/secure.gravatar.com\\\/avatar\\\/306b5c4bf23ab9934233886540ffb85197b45876a94d8ab8ead5c9211715ec02?s=96&d=mm&r=g\",\"caption\":\"carmen\"},\"url\":\"https:\\\/\\\/limbostarr.com\\\/web\\\/author\\\/carmen\\\/\"}]}<\/script>\n<!-- \/ Yoast SEO plugin. -->","yoast_head_json":{"title":"Tachenko vuelven a la carga - Limbo Starr","robots":{"index":"index","follow":"follow","max-snippet":"max-snippet:-1","max-image-preview":"max-image-preview:large","max-video-preview":"max-video-preview:-1"},"canonical":"https:\/\/limbostarr.com\/web\/tachenko-vuelven-a-la-carga\/","og_locale":"es_ES","og_type":"article","og_title":"Tachenko vuelven a la carga - Limbo Starr","og_description":"Tachenko comienzan su a\u00f1o de conciertos en su querida Galicia. El jueves 13 en La Casa de Arriba (Vigo), el s\u00e1bado 15 en Ourense en el Caf\u00e9&amp;Pop Torgal (anticipada a la venta en ticketea o en el mismo Torgal); y el domingo 16 en Bueu (Aturuxo). Con estos tres, terminan la tanda de conciertos electroac\u00fasticos....Seguir leyendo","og_url":"https:\/\/limbostarr.com\/web\/tachenko-vuelven-a-la-carga\/","og_site_name":"Limbo Starr","article_publisher":"https:\/\/www.facebook.com\/limbostarrmad","article_published_time":"2014-01-13T11:42:40+00:00","article_modified_time":"2018-03-15T10:13:36+00:00","author":"carmen","twitter_card":"summary_large_image","twitter_creator":"@limbostarrmad","twitter_site":"@limbostarrmad","twitter_misc":{"Escrito por":"carmen","Tiempo de lectura":"2 minutos"},"schema":{"@context":"https:\/\/schema.org","@graph":[{"@type":"Article","@id":"https:\/\/limbostarr.com\/web\/tachenko-vuelven-a-la-carga\/#article","isPartOf":{"@id":"https:\/\/limbostarr.com\/web\/tachenko-vuelven-a-la-carga\/"},"author":{"name":"carmen","@id":"https:\/\/limbostarr.com\/web\/#\/schema\/person\/7ec2d6ac527ab3e147e94510d9ec1066"},"headline":"Tachenko vuelven a la carga","datePublished":"2014-01-13T11:42:40+00:00","dateModified":"2018-03-15T10:13:36+00:00","mainEntityOfPage":{"@id":"https:\/\/limbostarr.com\/web\/tachenko-vuelven-a-la-carga\/"},"wordCount":428,"commentCount":0,"publisher":{"@id":"https:\/\/limbostarr.com\/web\/#organization"},"image":{"@id":"https:\/\/limbostarr.com\/web\/tachenko-vuelven-a-la-carga\/#primaryimage"},"thumbnailUrl":"","keywords":["Tachenko"],"articleSection":["Tachenko"],"inLanguage":"es"},{"@type":"WebPage","@id":"https:\/\/limbostarr.com\/web\/tachenko-vuelven-a-la-carga\/","url":"https:\/\/limbostarr.com\/web\/tachenko-vuelven-a-la-carga\/","name":"Tachenko vuelven a la carga - Limbo Starr","isPartOf":{"@id":"https:\/\/limbostarr.com\/web\/#website"},"primaryImageOfPage":{"@id":"https:\/\/limbostarr.com\/web\/tachenko-vuelven-a-la-carga\/#primaryimage"},"image":{"@id":"https:\/\/limbostarr.com\/web\/tachenko-vuelven-a-la-carga\/#primaryimage"},"thumbnailUrl":"","datePublished":"2014-01-13T11:42:40+00:00","dateModified":"2018-03-15T10:13:36+00:00","breadcrumb":{"@id":"https:\/\/limbostarr.com\/web\/tachenko-vuelven-a-la-carga\/#breadcrumb"},"inLanguage":"es","potentialAction":[{"@type":"ReadAction","target":["https:\/\/limbostarr.com\/web\/tachenko-vuelven-a-la-carga\/"]}]},{"@type":"ImageObject","inLanguage":"es","@id":"https:\/\/limbostarr.com\/web\/tachenko-vuelven-a-la-carga\/#primaryimage","url":"","contentUrl":""},{"@type":"BreadcrumbList","@id":"https:\/\/limbostarr.com\/web\/tachenko-vuelven-a-la-carga\/#breadcrumb","itemListElement":[{"@type":"ListItem","position":1,"name":"Portada","item":"https:\/\/limbostarr.com\/web\/"},{"@type":"ListItem","position":2,"name":"Tachenko vuelven a la carga"}]},{"@type":"WebSite","@id":"https:\/\/limbostarr.com\/web\/#website","url":"https:\/\/limbostarr.com\/web\/","name":"Limbo Starr","description":"Sello discografico independiente","publisher":{"@id":"https:\/\/limbostarr.com\/web\/#organization"},"potentialAction":[{"@type":"SearchAction","target":{"@type":"EntryPoint","urlTemplate":"https:\/\/limbostarr.com\/web\/?s={search_term_string}"},"query-input":{"@type":"PropertyValueSpecification","valueRequired":true,"valueName":"search_term_string"}}],"inLanguage":"es"},{"@type":"Organization","@id":"https:\/\/limbostarr.com\/web\/#organization","name":"Limbo Starr","url":"https:\/\/limbostarr.com\/web\/","logo":{"@type":"ImageObject","inLanguage":"es","@id":"https:\/\/limbostarr.com\/web\/#\/schema\/logo\/image\/","url":"https:\/\/limbostarr.com\/web\/wp-content\/uploads\/2016\/12\/logo-limbo-spotify.gif","contentUrl":"https:\/\/limbostarr.com\/web\/wp-content\/uploads\/2016\/12\/logo-limbo-spotify.gif","width":500,"height":500,"caption":"Limbo Starr"},"image":{"@id":"https:\/\/limbostarr.com\/web\/#\/schema\/logo\/image\/"},"sameAs":["https:\/\/www.facebook.com\/limbostarrmad","https:\/\/x.com\/limbostarrmad","https:\/\/www.instagram.com\/limbostarr\/","https:\/\/www.youtube.com\/user\/limbostarr"]},{"@type":"Person","@id":"https:\/\/limbostarr.com\/web\/#\/schema\/person\/7ec2d6ac527ab3e147e94510d9ec1066","name":"carmen","image":{"@type":"ImageObject","inLanguage":"es","@id":"https:\/\/secure.gravatar.com\/avatar\/306b5c4bf23ab9934233886540ffb85197b45876a94d8ab8ead5c9211715ec02?s=96&d=mm&r=g","url":"https:\/\/secure.gravatar.com\/avatar\/306b5c4bf23ab9934233886540ffb85197b45876a94d8ab8ead5c9211715ec02?s=96&d=mm&r=g","contentUrl":"https:\/\/secure.gravatar.com\/avatar\/306b5c4bf23ab9934233886540ffb85197b45876a94d8ab8ead5c9211715ec02?s=96&d=mm&r=g","caption":"carmen"},"url":"https:\/\/limbostarr.com\/web\/author\/carmen\/"}]}},"jetpack_featured_media_url":"","jetpack_sharing_enabled":true,"_links":{"self":[{"href":"https:\/\/limbostarr.com\/web\/wp-json\/wp\/v2\/posts\/3078","targetHints":{"allow":["GET"]}}],"collection":[{"href":"https:\/\/limbostarr.com\/web\/wp-json\/wp\/v2\/posts"}],"about":[{"href":"https:\/\/limbostarr.com\/web\/wp-json\/wp\/v2\/types\/post"}],"author":[{"embeddable":true,"href":"https:\/\/limbostarr.com\/web\/wp-json\/wp\/v2\/users\/2"}],"replies":[{"embeddable":true,"href":"https:\/\/limbostarr.com\/web\/wp-json\/wp\/v2\/comments?post=3078"}],"version-history":[{"count":0,"href":"https:\/\/limbostarr.com\/web\/wp-json\/wp\/v2\/posts\/3078\/revisions"}],"wp:featuredmedia":[{"embeddable":true,"href":"https:\/\/limbostarr.com\/web\/wp-json\/"}],"wp:attachment":[{"href":"https:\/\/limbostarr.com\/web\/wp-json\/wp\/v2\/media?parent=3078"}],"wp:term":[{"taxonomy":"category","embeddable":true,"href":"https:\/\/limbostarr.com\/web\/wp-json\/wp\/v2\/categories?post=3078"},{"taxonomy":"post_tag","embeddable":true,"href":"https:\/\/limbostarr.com\/web\/wp-json\/wp\/v2\/tags?post=3078"}],"curies":[{"name":"wp","href":"https:\/\/api.w.org\/{rel}","templated":true}]}}